{"id":7543,"date":"2014-04-20T12:41:04","date_gmt":"2014-04-20T10:41:04","guid":{"rendered":"http:\/\/chastia.com\/konferencia-fm-camp-2014-je-za-nami-tlacova-sprava\/"},"modified":"2020-02-07T09:36:50","modified_gmt":"2020-02-07T08:36:50","slug":"konferencia-fm-camp-2014-je-za-nami-tlacova-sprava","status":"publish","type":"post","link":"https:\/\/www.chastia.com\/en\/konferencia-fm-camp-2014-je-za-nami-tlacova-sprava\/","title":{"rendered":"Konferencia FM Camp 2014 je za nami &#8211; tla\u010dov\u00e1 spr\u00e1va"},"content":{"rendered":"<p><em>POPRAD 22.04.2014<\/em> \u2013 V d\u0148och 10. a 11. 4. 2014 organizovali spolo\u010dnosti <a href=\"https:\/\/www.chastia.com\/\"><span style=\"text-decoration: underline;\">CHASTIA s.r.o.<\/span><\/a>, <a href=\"http:\/\/www.efocus.sk\/\"><span style=\"text-decoration: underline;\">eFocus.sk<\/span><\/a> a <a href=\"http:\/\/www.termoklima.sk\/\"><span style=\"text-decoration: underline;\">TERMOKLIMA s.r.o.<\/span><\/a> dvojd\u0148ov\u00fa odborn\u00fa konferenciu <strong>FM Camp 2014<\/strong>, ktorej hlavnou t\u00e9mou boli pr\u00edpadov\u00e9 \u0161t\u00fadie z praxe a trendy vo Facility Managemente na Slovensku. V oblasti Facility Managementu to bol <strong>prv\u00fd ro\u010dn\u00edk<\/strong> konferencie, z poh\u013eadu odborn\u00fdch kempov to bol u\u017e druh\u00fd ro\u010dn\u00edk.<\/p>\n<p>Organiz\u00e1tori konferencie a tie\u017e predn\u00e1\u0161aj\u00faci spolo\u010dne skon\u0161tatovali, \u017ee vynikaj\u00faca \u00fa\u010das\u0165 na konferencii <strong>190 posluch\u00e1\u010dov<\/strong> prekonala v\u0161etky doteraz organizovan\u00e9 konferencie v oblasti Facility Managementu na Slovensku!<\/p>\n<p>Fotoz\u00e1znam z konferencie n\u00e1jdete na adrese <a href=\"http:\/\/bit.ly\/fmcamp2014pressphotogallery\"><span style=\"text-decoration: underline;\">www.fmcamp.sk\/photogallery<\/span><\/a> alebo na na\u0161ej Facebook str\u00e1nke <a href=\"http:\/\/www.facebook.com\/chastia.poprad\/photos_albums\"><span style=\"text-decoration: underline;\">www.facebook.com\/chastia.poprad\/photos_albums<\/span><\/a>.<\/p>\n<p><img loading=\"lazy\" decoding=\"async\" class=\"aligncenter size-full wp-image-4555\" src=\"https:\/\/www.chastia.com\/wp-content\/uploads\/2017\/02\/fm-camp-2016.png\" alt=\"fm-camp-2016\" width=\"230\" height=\"149\" srcset=\"https:\/\/www.chastia.com\/wp-content\/uploads\/2017\/02\/fm-camp-2016.png 230w, https:\/\/www.chastia.com\/wp-content\/uploads\/2017\/02\/fm-camp-2016-112x74.png 112w\" sizes=\"(max-width: 230px) 100vw, 230px\" \/><\/p>\n<p style=\"text-align: center;\"><a href=\"http:\/\/bit.ly\/fmcamp2014press\">www.fmcamp.sk<\/a><\/p>\n<p>T\u00e1to konferencia bola pokra\u010dovan\u00edm minuloro\u010dnej \u00faspe\u0161nej konferencie EnergyCamp 2013, ktor\u00e1 bola prv\u00fdm ro\u010dn\u00edkom odborn\u00fdch \u201ekempov\u201c v\u00f4bec, ktor\u00e9 sa konaj\u00fa na Slovensku \u2013 <a href=\"http:\/\/www.energycamp.sk\/\"><span style=\"text-decoration: underline;\">www.energycamp.sk<\/span><\/a>.<\/p>\n<p>Konferencia za\u010dala pr\u00edjemn\u00fdm spolo\u010dn\u00fdm stretnut\u00edm a poseden\u00edm v\u0161etk\u00fdch partnerov konferencie a predn\u00e1\u0161aj\u00facich pri vynikaj\u00facej ochutn\u00e1vke v\u00edn Elesko s odborn\u00fdm v\u00fdkladom u\u017e v stredu 9.4.2014, kde sa upevnili neform\u00e1lne vz\u0165ahy v\u0161etk\u00fdch z\u00fa\u010dastnen\u00fdch a najm\u00e4 d\u00f4le\u017eit\u00fdmi piliermi za\u010d\u00ednaj\u00facej konferencie.<\/p>\n<p>Odborn\u00fd program (<a href=\"http:\/\/bit.ly\/fmcamp2014pressconfprogram\"><span style=\"text-decoration: underline;\">www.fmcamp.sk\/program<\/span><\/a>) sa za\u010dal vo \u0161tvrtok r\u00e1no 10.4.2014 v priestoroch kongresov\u00e9ho centra v luxusnom prostred\u00ed akvaparku <strong>AquaCity Poprad \u2013 <a href=\"http:\/\/www.aquacity.sk\/\"><span style=\"text-decoration: underline;\">www.aquacity.sk<\/span><\/a><\/strong>. \u0160tvrtkov\u00e9 predn\u00e1\u0161ky boli rozdelen\u00e9 do dvoch tematick\u00fdch celkov. Prvou t\u00e9mou boli \u201e<strong>Pr\u00edpadov\u00e9 \u0161t\u00fadie v oblasti Facility Managementu na Slovensku<\/strong>\u201c, ktor\u00e9 moderoval riadite\u013e div\u00edzie komplexnej spr\u00e1vy nehnute\u013enost\u00ed v spolo\u010dnosti COFELY a.s., Ing. Peter Brestovansk\u00fd. Druhou odbornou t\u00e9mou, ktor\u00fa odborne viedol a moderoval \u0161\u00e9fredaktor \u010dasopisu eFocus.sk, Ing. Jozef \u0160up\u0161\u00e1k, bola t\u00e9ma \u201e<strong>IT vo Facility Managemente<\/strong>\u201c. Kvalitu predn\u00e1\u0161ok dokazovalo mno\u017estvo ot\u00e1zok na predn\u00e1\u0161aj\u00facich, najm\u00e4 cez prest\u00e1vky mimo kongresovej s\u00e1ly.<\/p>\n<p><img loading=\"lazy\" decoding=\"async\" class=\"aligncenter size-full wp-image-4632\" src=\"https:\/\/www.chastia.com\/wp-content\/uploads\/2017\/02\/foto-1-2.jpg\" alt=\"foto-1\" width=\"450\" height=\"301\" srcset=\"https:\/\/www.chastia.com\/wp-content\/uploads\/2017\/02\/foto-1-2.jpg 450w, https:\/\/www.chastia.com\/wp-content\/uploads\/2017\/02\/foto-1-2-300x201.jpg 300w, https:\/\/www.chastia.com\/wp-content\/uploads\/2017\/02\/foto-1-2-112x74.jpg 112w\" sizes=\"(max-width: 450px) 100vw, 450px\" \/><\/p>\n<p>Aby konferencia nebola len \u010distou odbornou akciou, bol pre \u00fa\u010dastn\u00edkov pripraven\u00fd ve\u013emi bohat\u00fd a pestr\u00fd ve\u010dern\u00fd a no\u010dn\u00fd spolo\u010densk\u00fd program. Najprv, ako ochutn\u00e1vku programu, n\u00e1v\u0161tevn\u00edci vyu\u017eili prostredie akvaparku a spolo\u010densk\u00fd program za\u010dal v prenajat\u00fdch najluxusnej\u0161\u00edch baz\u00e9noch komplexu <a href=\"http:\/\/www.aquacity.sk\/bazeny-blue-diamond-ii\/\"><span style=\"text-decoration: underline;\">Blue Diamond I. a II.<\/span><\/a> s vynikaj\u00facimi mie\u0161an\u00fdmi drinkami.<\/p>\n<p><img loading=\"lazy\" decoding=\"async\" class=\"aligncenter size-full wp-image-4633\" src=\"https:\/\/www.chastia.com\/wp-content\/uploads\/2017\/02\/foto-2-2.jpg\" alt=\"foto-2\" width=\"550\" height=\"243\" srcset=\"https:\/\/www.chastia.com\/wp-content\/uploads\/2017\/02\/foto-2-2.jpg 550w, https:\/\/www.chastia.com\/wp-content\/uploads\/2017\/02\/foto-2-2-300x133.jpg 300w\" sizes=\"(max-width: 550px) 100vw, 550px\" \/><\/p>\n<p>Po baz\u00e9noch sa v\u0161etci \u00fa\u010dastn\u00edci presunuli do luxusnej re\u0161taur\u00e1cie a hudobn\u00e9ho baru <a href=\"http:\/\/www.humnotatry.sk\/\"><span style=\"text-decoration: underline;\">Humno Tatry v Tatranskej Lomnici<\/span><\/a>, kde sa konal hlavn\u00fd ve\u010dern\u00fd program. Najv\u00e4\u010d\u0161\u00edm prekvapen\u00edm ve\u010dera bolo vyst\u00fapenie jedn\u00e9ho z najlep\u0161\u00edch saxofonistov a jazzov\u00fdch hudobn\u00edkov na Slovensku \u2013 Mila Suchomela!<\/p>\n<p><em>Meno <strong>Milo Suchomel<\/strong> patr\u00ed medzi renomovan\u00e9 zna\u010dky na slovenskej a eur\u00f3pskej sc\u00e9ne. Milo Suchomel sa predov\u0161etk\u00fdm predstavuje na eur\u00f3pskych jazzov\u00fdch p\u00f3di\u00e1ch nielen ako kompetentn\u00fd s\u00f3lista, ale aj ako skladate\u013e, hudobn\u00fd aran\u017e\u00e9r a l\u00edder! Spolupracoval s mnoh\u00fdmi hudobn\u00fdmi top elitami nielen doma, ale aj v zahrani\u010d\u00ed. Okrem jazzu sa ako producent venuje aj pop music. Zalo\u017eil si komer\u010dn\u00fd band pod n\u00e1zvom Milo Suchomel Band. (zdroj: <a href=\"http:\/\/www.milosuchomel.sk\/\"><span style=\"text-decoration: underline;\">www.milosuchomel.sk<\/span><\/a>)<\/em><\/p>\n<p><img loading=\"lazy\" decoding=\"async\" class=\"aligncenter size-full wp-image-4634\" src=\"https:\/\/www.chastia.com\/wp-content\/uploads\/2017\/02\/foto-3-2.jpg\" alt=\"foto-3\" width=\"450\" height=\"296\" srcset=\"https:\/\/www.chastia.com\/wp-content\/uploads\/2017\/02\/foto-3-2.jpg 450w, https:\/\/www.chastia.com\/wp-content\/uploads\/2017\/02\/foto-3-2-300x197.jpg 300w, https:\/\/www.chastia.com\/wp-content\/uploads\/2017\/02\/foto-3-2-112x74.jpg 112w\" sizes=\"(max-width: 450px) 100vw, 450px\" \/><\/p>\n<p>Po dlhej a ve\u013emi pestrej ve\u010dernej a no\u010dnej z\u00e1bave sa v piatok 11.4.2014 pokra\u010dovalo v odbornom programe \u010falej v sekcii \u201eIT vo Facility Managemente\u201c, kde najv\u00e4\u010d\u0161\u00ed rozruch vyvolali predn\u00e1\u0161ky na t\u00e9mu BIM \u2013 Building Information Model. Nasledovala tretia a nemenej d\u00f4le\u017eit\u00e1 sekcia, moderovan\u00e1 Ing. Danielom \u010curkom, PhD., ved\u00facim oddelenia energetick\u00fdch slu\u017eieb v spolo\u010dnosti COFELY a.s., sekcia \u201e<strong>Energetick\u00fd management vo Facility Managemente<\/strong>\u201c.<\/p>\n<p>T\u00fato v\u00fdnimo\u010dn\u00fa konferenciu uzatvorila exkurzia po exkluz\u00edvnom akvaparku AquaCity Poprad &#8211; od term\u00e1lneho vrtu, cez prev\u00e1dzku akvaparku po vyhrievanie tr\u00e1vnika N\u00e1rodn\u00e9ho tr\u00e9ningov\u00e9ho centra SFZ v Poprade. Bohu\u017eia\u013e technologick\u00e9 priestory AquaCity Poprad boli uzatvoren\u00e9 pre prebiehaj\u00facu rozsiahlu rekon\u0161trukciu.<\/p>\n<p>Ve\u013emi radi by sme po\u010fakovali v\u0161etk\u00fdm \u00fa\u010dastn\u00edkom konferencie za \u00fa\u010das\u0165 a ve\u013emi vysok\u00fd z\u00e1ujem o jednotliv\u00e9 odborn\u00e9 sekcie a taktie\u017e <span style=\"text-decoration: underline;\">v\u0161etk\u00fdm partnerom konferencie, bez ktor\u00fdch by sa tak\u00e1to v\u00fdnimo\u010dn\u00e1 akcia nikdy nemohla zorganizova\u0165<\/span> (<a href=\"http:\/\/bit.ly\/fmcamp2014presspartners\"><span style=\"text-decoration: underline;\">www.fmcamp.sk\/partners<\/span><\/a>):<\/p>\n<div>\n<h4>Gener\u00e1lni partneri:<\/h4>\n<\/div>\n<ul>\n<li><strong>COFELY a.s.<\/strong><\/li>\n<li><strong>IBM Slovensko, spol. s r.o.<\/strong><\/li>\n<\/ul>\n<h4>Hlavn\u00ed medi\u00e1lni partneri:<\/h4>\n<div>\n<ul>\n<li>Vydavate\u013estvo <strong>JAGA GROUP s.r.o. <\/strong>\u2013 \u010casopisy <strong><em>Spr\u00e1va budov<\/em><\/strong> a\u00a0<strong><em>TZB Haustechnik<\/em><\/strong><\/li>\n<\/ul>\n<h4>Partneri:<\/h4>\n<\/div>\n<ul>\n<li><strong>CHASTIA s.r.o.<\/strong><\/li>\n<li><strong>eFocus.sk<\/strong><\/li>\n<li><strong>TERMOKLIMA s.r.o.<\/strong><\/li>\n<li>Amirea s.r.o.<\/li>\n<li>AQUAPARK Poprad s.r.o.<\/li>\n<li>BIM asoci\u00e1cia Slovensko<\/li>\n<li>Bratislavsk\u00e1 tepl\u00e1rensk\u00e1 a.s.<\/li>\n<li>Danfoss spol. s\u00a0r.o.<\/li>\n<li>HomePro Spr\u00e1vcovsk\u00e1 s.r.o.<\/li>\n<li>Microsoft Slovakia s.r.o.<\/li>\n<li>ORIWIN s.r.o.<\/li>\n<li>SENES spol. s\u00a0r.o.<\/li>\n<li>Siemens s.r.o.<\/li>\n<li>Slovanet a.s.<\/li>\n<li>Viessmann s.r.o.<\/li>\n<\/ul>\n<h4>Medi\u00e1lni partneri:<\/h4>\n<div>\n<ul>\n<li>iDB Journal<\/li>\n<li>TZBport\u00e1l.sk<\/li>\n<\/ul>\n<\/div>\n<p><img loading=\"lazy\" decoding=\"async\" class=\"aligncenter size-full wp-image-4583\" src=\"https:\/\/www.chastia.com\/wp-content\/uploads\/2017\/02\/thank-you.png\" alt=\"thank-you\" width=\"150\" height=\"139\" srcset=\"https:\/\/www.chastia.com\/wp-content\/uploads\/2017\/02\/thank-you.png 150w, https:\/\/www.chastia.com\/wp-content\/uploads\/2017\/02\/thank-you-73x68.png 73w\" sizes=\"(max-width: 150px) 100vw, 150px\" \/><\/p>\n<h5><span style=\"text-decoration: underline;\"><a href=\"http:\/\/bit.ly\/fmcamp2014pressphotogallery\"><strong>KOMPLETN\u00c1 FOTOGAL\u00c9RIA<\/strong><\/a><\/span><\/h5>\n<p><a href=\"\/wp-content\/uploads\/2017\/02\/2014_01_FM-Camp-2014-Tlacova-sprava.pdf\"><span style=\"text-decoration: underline;\">Tla\u010dov\u00e1 spr\u00e1va na stiahnutie [PDF]<\/span><\/a><\/p>\n<hr \/>\n<p><em>Poslan\u00edm spolo\u010dnosti <strong>CHASTIA s.r.o.<\/strong> je vyv\u00edja\u0165 a pon\u00faka\u0165 inovat\u00edvne softv\u00e9rov\u00e9 rie\u0161enia najm\u00e4 pre oblas\u0165 Facility Managementu. S\u00fa\u010das\u0165ou dod\u00e1vok softv\u00e9rov\u00fdch rie\u0161en\u00ed s\u00fa aj slu\u017eby v oblasti grafick\u00fdch informa\u010dn\u00fdch syst\u00e9mov, zaobstaranie d\u00e1t (zameranie skutkov\u00e9ho stavu are\u00e1lov, budov, TZB a pod.), pr\u00edpravu a spracovanie d\u00e1t do elektronickej podoby a ich implement\u00e1ciu do informa\u010dn\u00e9ho syst\u00e9mu Chastia FM. Na\u0161im cie\u013eom nie je iba dod\u00e1vka software, ale samozrejmos\u0165ou je aj pomoc s nasaden\u00edm syst\u00e9mu a jeho uveden\u00edm do ka\u017edodenn\u00e9ho \u017eivota v spolo\u010dnostiach.<\/em><\/p>\n<p><img loading=\"lazy\" decoding=\"async\" class=\"size-full wp-image-3028\" src=\"https:\/\/www.chastia.com\/wp-content\/uploads\/2016\/10\/CHASTIA_LOGO_2012-1.png\" alt=\"chastia_logo_2012\" width=\"144\" height=\"79\" \/><\/p>\n<p><a href=\"https:\/\/www.chastia.com\"><span style=\"text-decoration: underline;\"><em>www.chastia.com<\/em><\/span><\/a><br \/>\n<a href=\"https:\/\/www.facebook.com\/CHASTIA.POPRAD\"><span style=\"text-decoration: underline;\"><em>https:\/\/www.facebook.com\/CHASTIA.POPRAD<\/em><\/span><\/a><\/p>\n","protected":false},"excerpt":{"rendered":"<p>POPRAD 22.04.2014 \u2013 V d\u0148och 10. a 11. 4. 2014 organizovali spolo\u010dnosti CHASTIA s.r.o., eFocus.sk a TERMOKLIMA s.r.o. dvojd\u0148ov\u00fa odborn\u00fa konferenciu FM Camp 2014, ktorej hlavnou t\u00e9mou boli pr\u00edpadov\u00e9 \u0161t\u00fadie z praxe a trendy vo Facility Managemente na Slovensku. V oblasti Facility Managementu to bol prv\u00fd ro\u010dn\u00edk konferencie, z poh\u013eadu odborn\u00fdch kempov to bol u\u017e [&hellip;]<\/p>\n","protected":false},"author":1,"featured_media":5458,"comment_status":"closed","ping_status":"closed","sticky":false,"template":"","format":"standard","meta":{"footnotes":""},"categories":[8],"tags":[],"yoast_head":"<!-- This site is optimized with the Yoast SEO plugin v22.8 - https:\/\/yoast.com\/wordpress\/plugins\/seo\/ -->\n<title>Konferencia FM Camp 2014 je za nami - tla\u010dov\u00e1 spr\u00e1va - CHASTIA s.r.o.<\/title>\n<meta name=\"robots\" content=\"index, follow, max-snippet:-1, max-image-preview:large, max-video-preview:-1\" \/>\n<link rel=\"canonical\" href=\"https:\/\/www.chastia.com\/en\/konferencia-fm-camp-2014-je-za-nami-tlacova-sprava\/\" \/>\n<meta property=\"og:locale\" content=\"en_US\" \/>\n<meta property=\"og:type\" content=\"article\" \/>\n<meta property=\"og:title\" content=\"Konferencia FM Camp 2014 je za nami - tla\u010dov\u00e1 spr\u00e1va - CHASTIA s.r.o.\" \/>\n<meta property=\"og:description\" content=\"POPRAD 22.04.2014 \u2013 V d\u0148och 10. a 11. 4. 2014 organizovali spolo\u010dnosti CHASTIA s.r.o., eFocus.sk a TERMOKLIMA s.r.o. dvojd\u0148ov\u00fa odborn\u00fa konferenciu FM Camp 2014, ktorej hlavnou t\u00e9mou boli pr\u00edpadov\u00e9 \u0161t\u00fadie z praxe a trendy vo Facility Managemente na Slovensku. V oblasti Facility Managementu to bol prv\u00fd ro\u010dn\u00edk konferencie, z poh\u013eadu odborn\u00fdch kempov to bol u\u017e [&hellip;]\" \/>\n<meta property=\"og:url\" content=\"https:\/\/www.chastia.com\/en\/konferencia-fm-camp-2014-je-za-nami-tlacova-sprava\/\" \/>\n<meta property=\"og:site_name\" content=\"CHASTIA s.r.o.\" \/>\n<meta property=\"article:publisher\" content=\"https:\/\/www.facebook.com\/chastia.cz\" \/>\n<meta property=\"article:published_time\" content=\"2014-04-20T10:41:04+00:00\" \/>\n<meta property=\"article:modified_time\" content=\"2020-02-07T08:36:50+00:00\" \/>\n<meta property=\"og:image\" content=\"https:\/\/www.chastia.com\/wp-content\/uploads\/2017\/02\/fm-camp-2016.png\" \/>\n\t<meta property=\"og:image:width\" content=\"230\" \/>\n\t<meta property=\"og:image:height\" content=\"149\" \/>\n\t<meta property=\"og:image:type\" content=\"image\/png\" \/>\n<meta name=\"author\" content=\"creanet\" \/>\n<meta name=\"twitter:card\" content=\"summary_large_image\" \/>\n<meta name=\"twitter:label1\" content=\"Written by\" \/>\n\t<meta name=\"twitter:data1\" content=\"creanet\" \/>\n\t<meta name=\"twitter:label2\" content=\"Est. reading time\" \/>\n\t<meta name=\"twitter:data2\" content=\"5 minutes\" \/>\n<script type=\"application\/ld+json\" class=\"yoast-schema-graph\">{\"@context\":\"https:\/\/schema.org\",\"@graph\":[{\"@type\":\"Article\",\"@id\":\"https:\/\/www.chastia.com\/en\/konferencia-fm-camp-2014-je-za-nami-tlacova-sprava\/#article\",\"isPartOf\":{\"@id\":\"https:\/\/www.chastia.com\/en\/konferencia-fm-camp-2014-je-za-nami-tlacova-sprava\/\"},\"author\":{\"name\":\"creanet\",\"@id\":\"https:\/\/www.chastia.com\/en\/#\/schema\/person\/856c17430fdbad3213aa71fd93ffa703\"},\"headline\":\"Konferencia FM Camp 2014 je za nami &#8211; tla\u010dov\u00e1 spr\u00e1va\",\"datePublished\":\"2014-04-20T10:41:04+00:00\",\"dateModified\":\"2020-02-07T08:36:50+00:00\",\"mainEntityOfPage\":{\"@id\":\"https:\/\/www.chastia.com\/en\/konferencia-fm-camp-2014-je-za-nami-tlacova-sprava\/\"},\"wordCount\":962,\"publisher\":{\"@id\":\"https:\/\/www.chastia.com\/en\/#organization\"},\"image\":{\"@id\":\"https:\/\/www.chastia.com\/en\/konferencia-fm-camp-2014-je-za-nami-tlacova-sprava\/#primaryimage\"},\"thumbnailUrl\":\"https:\/\/www.chastia.com\/wp-content\/uploads\/2017\/02\/fm-camp-2016.png\",\"inLanguage\":\"en-US\"},{\"@type\":\"WebPage\",\"@id\":\"https:\/\/www.chastia.com\/en\/konferencia-fm-camp-2014-je-za-nami-tlacova-sprava\/\",\"url\":\"https:\/\/www.chastia.com\/en\/konferencia-fm-camp-2014-je-za-nami-tlacova-sprava\/\",\"name\":\"Konferencia FM Camp 2014 je za nami - tla\u010dov\u00e1 spr\u00e1va - CHASTIA s.r.o.\",\"isPartOf\":{\"@id\":\"https:\/\/www.chastia.com\/en\/#website\"},\"primaryImageOfPage\":{\"@id\":\"https:\/\/www.chastia.com\/en\/konferencia-fm-camp-2014-je-za-nami-tlacova-sprava\/#primaryimage\"},\"image\":{\"@id\":\"https:\/\/www.chastia.com\/en\/konferencia-fm-camp-2014-je-za-nami-tlacova-sprava\/#primaryimage\"},\"thumbnailUrl\":\"https:\/\/www.chastia.com\/wp-content\/uploads\/2017\/02\/fm-camp-2016.png\",\"datePublished\":\"2014-04-20T10:41:04+00:00\",\"dateModified\":\"2020-02-07T08:36:50+00:00\",\"breadcrumb\":{\"@id\":\"https:\/\/www.chastia.com\/en\/konferencia-fm-camp-2014-je-za-nami-tlacova-sprava\/#breadcrumb\"},\"inLanguage\":\"en-US\",\"potentialAction\":[{\"@type\":\"ReadAction\",\"target\":[\"https:\/\/www.chastia.com\/en\/konferencia-fm-camp-2014-je-za-nami-tlacova-sprava\/\"]}]},{\"@type\":\"ImageObject\",\"inLanguage\":\"en-US\",\"@id\":\"https:\/\/www.chastia.com\/en\/konferencia-fm-camp-2014-je-za-nami-tlacova-sprava\/#primaryimage\",\"url\":\"https:\/\/www.chastia.com\/wp-content\/uploads\/2017\/02\/fm-camp-2016.png\",\"contentUrl\":\"https:\/\/www.chastia.com\/wp-content\/uploads\/2017\/02\/fm-camp-2016.png\",\"width\":230,\"height\":149},{\"@type\":\"BreadcrumbList\",\"@id\":\"https:\/\/www.chastia.com\/en\/konferencia-fm-camp-2014-je-za-nami-tlacova-sprava\/#breadcrumb\",\"itemListElement\":[{\"@type\":\"ListItem\",\"position\":1,\"name\":\"Home\",\"item\":\"https:\/\/www.chastia.com\/en\/\"},{\"@type\":\"ListItem\",\"position\":2,\"name\":\"Konferencia FM Camp 2014 je za nami &#8211; tla\u010dov\u00e1 spr\u00e1va\"}]},{\"@type\":\"WebSite\",\"@id\":\"https:\/\/www.chastia.com\/en\/#website\",\"url\":\"https:\/\/www.chastia.com\/en\/\",\"name\":\"CHASTIA s.r.o.\",\"description\":\"\",\"publisher\":{\"@id\":\"https:\/\/www.chastia.com\/en\/#organization\"},\"alternateName\":\"CHASTIA\",\"potentialAction\":[{\"@type\":\"SearchAction\",\"target\":{\"@type\":\"EntryPoint\",\"urlTemplate\":\"https:\/\/www.chastia.com\/en\/?s={search_term_string}\"},\"query-input\":\"required name=search_term_string\"}],\"inLanguage\":\"en-US\"},{\"@type\":\"Organization\",\"@id\":\"https:\/\/www.chastia.com\/en\/#organization\",\"name\":\"CHASTIA s.r.o.\",\"url\":\"https:\/\/www.chastia.com\/en\/\",\"logo\":{\"@type\":\"ImageObject\",\"inLanguage\":\"en-US\",\"@id\":\"https:\/\/www.chastia.com\/en\/#\/schema\/logo\/image\/\",\"url\":\"https:\/\/www.chastia.com\/wp-content\/uploads\/2024\/05\/chastia_V_T_logo.png\",\"contentUrl\":\"https:\/\/www.chastia.com\/wp-content\/uploads\/2024\/05\/chastia_V_T_logo.png\",\"width\":1240,\"height\":827,\"caption\":\"CHASTIA s.r.o.\"},\"image\":{\"@id\":\"https:\/\/www.chastia.com\/en\/#\/schema\/logo\/image\/\"},\"sameAs\":[\"https:\/\/www.facebook.com\/chastia.cz\"]},{\"@type\":\"Person\",\"@id\":\"https:\/\/www.chastia.com\/en\/#\/schema\/person\/856c17430fdbad3213aa71fd93ffa703\",\"name\":\"creanet\",\"image\":{\"@type\":\"ImageObject\",\"inLanguage\":\"en-US\",\"@id\":\"https:\/\/www.chastia.com\/en\/#\/schema\/person\/image\/\",\"url\":\"https:\/\/secure.gravatar.com\/avatar\/cfd2f056cd057b321fa66eaa9301ea09?s=96&d=mm&r=g\",\"contentUrl\":\"https:\/\/secure.gravatar.com\/avatar\/cfd2f056cd057b321fa66eaa9301ea09?s=96&d=mm&r=g\",\"caption\":\"creanet\"},\"url\":\"https:\/\/www.chastia.com\/en\/author\/creanet\/\"}]}<\/script>\n<!-- \/ Yoast SEO plugin. -->","yoast_head_json":{"title":"Konferencia FM Camp 2014 je za nami - tla\u010dov\u00e1 spr\u00e1va - CHASTIA s.r.o.","robots":{"index":"index","follow":"follow","max-snippet":"max-snippet:-1","max-image-preview":"max-image-preview:large","max-video-preview":"max-video-preview:-1"},"canonical":"https:\/\/www.chastia.com\/en\/konferencia-fm-camp-2014-je-za-nami-tlacova-sprava\/","og_locale":"en_US","og_type":"article","og_title":"Konferencia FM Camp 2014 je za nami - tla\u010dov\u00e1 spr\u00e1va - CHASTIA s.r.o.","og_description":"POPRAD 22.04.2014 \u2013 V d\u0148och 10. a 11. 4. 2014 organizovali spolo\u010dnosti CHASTIA s.r.o., eFocus.sk a TERMOKLIMA s.r.o. dvojd\u0148ov\u00fa odborn\u00fa konferenciu FM Camp 2014, ktorej hlavnou t\u00e9mou boli pr\u00edpadov\u00e9 \u0161t\u00fadie z praxe a trendy vo Facility Managemente na Slovensku. V oblasti Facility Managementu to bol prv\u00fd ro\u010dn\u00edk konferencie, z poh\u013eadu odborn\u00fdch kempov to bol u\u017e [&hellip;]","og_url":"https:\/\/www.chastia.com\/en\/konferencia-fm-camp-2014-je-za-nami-tlacova-sprava\/","og_site_name":"CHASTIA s.r.o.","article_publisher":"https:\/\/www.facebook.com\/chastia.cz","article_published_time":"2014-04-20T10:41:04+00:00","article_modified_time":"2020-02-07T08:36:50+00:00","og_image":[{"width":230,"height":149,"url":"https:\/\/www.chastia.com\/wp-content\/uploads\/2017\/02\/fm-camp-2016.png","type":"image\/png"}],"author":"creanet","twitter_card":"summary_large_image","twitter_misc":{"Written by":"creanet","Est. reading time":"5 minutes"},"schema":{"@context":"https:\/\/schema.org","@graph":[{"@type":"Article","@id":"https:\/\/www.chastia.com\/en\/konferencia-fm-camp-2014-je-za-nami-tlacova-sprava\/#article","isPartOf":{"@id":"https:\/\/www.chastia.com\/en\/konferencia-fm-camp-2014-je-za-nami-tlacova-sprava\/"},"author":{"name":"creanet","@id":"https:\/\/www.chastia.com\/en\/#\/schema\/person\/856c17430fdbad3213aa71fd93ffa703"},"headline":"Konferencia FM Camp 2014 je za nami &#8211; tla\u010dov\u00e1 spr\u00e1va","datePublished":"2014-04-20T10:41:04+00:00","dateModified":"2020-02-07T08:36:50+00:00","mainEntityOfPage":{"@id":"https:\/\/www.chastia.com\/en\/konferencia-fm-camp-2014-je-za-nami-tlacova-sprava\/"},"wordCount":962,"publisher":{"@id":"https:\/\/www.chastia.com\/en\/#organization"},"image":{"@id":"https:\/\/www.chastia.com\/en\/konferencia-fm-camp-2014-je-za-nami-tlacova-sprava\/#primaryimage"},"thumbnailUrl":"https:\/\/www.chastia.com\/wp-content\/uploads\/2017\/02\/fm-camp-2016.png","inLanguage":"en-US"},{"@type":"WebPage","@id":"https:\/\/www.chastia.com\/en\/konferencia-fm-camp-2014-je-za-nami-tlacova-sprava\/","url":"https:\/\/www.chastia.com\/en\/konferencia-fm-camp-2014-je-za-nami-tlacova-sprava\/","name":"Konferencia FM Camp 2014 je za nami - tla\u010dov\u00e1 spr\u00e1va - CHASTIA s.r.o.","isPartOf":{"@id":"https:\/\/www.chastia.com\/en\/#website"},"primaryImageOfPage":{"@id":"https:\/\/www.chastia.com\/en\/konferencia-fm-camp-2014-je-za-nami-tlacova-sprava\/#primaryimage"},"image":{"@id":"https:\/\/www.chastia.com\/en\/konferencia-fm-camp-2014-je-za-nami-tlacova-sprava\/#primaryimage"},"thumbnailUrl":"https:\/\/www.chastia.com\/wp-content\/uploads\/2017\/02\/fm-camp-2016.png","datePublished":"2014-04-20T10:41:04+00:00","dateModified":"2020-02-07T08:36:50+00:00","breadcrumb":{"@id":"https:\/\/www.chastia.com\/en\/konferencia-fm-camp-2014-je-za-nami-tlacova-sprava\/#breadcrumb"},"inLanguage":"en-US","potentialAction":[{"@type":"ReadAction","target":["https:\/\/www.chastia.com\/en\/konferencia-fm-camp-2014-je-za-nami-tlacova-sprava\/"]}]},{"@type":"ImageObject","inLanguage":"en-US","@id":"https:\/\/www.chastia.com\/en\/konferencia-fm-camp-2014-je-za-nami-tlacova-sprava\/#primaryimage","url":"https:\/\/www.chastia.com\/wp-content\/uploads\/2017\/02\/fm-camp-2016.png","contentUrl":"https:\/\/www.chastia.com\/wp-content\/uploads\/2017\/02\/fm-camp-2016.png","width":230,"height":149},{"@type":"BreadcrumbList","@id":"https:\/\/www.chastia.com\/en\/konferencia-fm-camp-2014-je-za-nami-tlacova-sprava\/#breadcrumb","itemListElement":[{"@type":"ListItem","position":1,"name":"Home","item":"https:\/\/www.chastia.com\/en\/"},{"@type":"ListItem","position":2,"name":"Konferencia FM Camp 2014 je za nami &#8211; tla\u010dov\u00e1 spr\u00e1va"}]},{"@type":"WebSite","@id":"https:\/\/www.chastia.com\/en\/#website","url":"https:\/\/www.chastia.com\/en\/","name":"CHASTIA s.r.o.","description":"","publisher":{"@id":"https:\/\/www.chastia.com\/en\/#organization"},"alternateName":"CHASTIA","potentialAction":[{"@type":"SearchAction","target":{"@type":"EntryPoint","urlTemplate":"https:\/\/www.chastia.com\/en\/?s={search_term_string}"},"query-input":"required name=search_term_string"}],"inLanguage":"en-US"},{"@type":"Organization","@id":"https:\/\/www.chastia.com\/en\/#organization","name":"CHASTIA s.r.o.","url":"https:\/\/www.chastia.com\/en\/","logo":{"@type":"ImageObject","inLanguage":"en-US","@id":"https:\/\/www.chastia.com\/en\/#\/schema\/logo\/image\/","url":"https:\/\/www.chastia.com\/wp-content\/uploads\/2024\/05\/chastia_V_T_logo.png","contentUrl":"https:\/\/www.chastia.com\/wp-content\/uploads\/2024\/05\/chastia_V_T_logo.png","width":1240,"height":827,"caption":"CHASTIA s.r.o."},"image":{"@id":"https:\/\/www.chastia.com\/en\/#\/schema\/logo\/image\/"},"sameAs":["https:\/\/www.facebook.com\/chastia.cz"]},{"@type":"Person","@id":"https:\/\/www.chastia.com\/en\/#\/schema\/person\/856c17430fdbad3213aa71fd93ffa703","name":"creanet","image":{"@type":"ImageObject","inLanguage":"en-US","@id":"https:\/\/www.chastia.com\/en\/#\/schema\/person\/image\/","url":"https:\/\/secure.gravatar.com\/avatar\/cfd2f056cd057b321fa66eaa9301ea09?s=96&d=mm&r=g","contentUrl":"https:\/\/secure.gravatar.com\/avatar\/cfd2f056cd057b321fa66eaa9301ea09?s=96&d=mm&r=g","caption":"creanet"},"url":"https:\/\/www.chastia.com\/en\/author\/creanet\/"}]}},"_links":{"self":[{"href":"https:\/\/www.chastia.com\/en\/wp-json\/wp\/v2\/posts\/7543"}],"collection":[{"href":"https:\/\/www.chastia.com\/en\/wp-json\/wp\/v2\/posts"}],"about":[{"href":"https:\/\/www.chastia.com\/en\/wp-json\/wp\/v2\/types\/post"}],"author":[{"embeddable":true,"href":"https:\/\/www.chastia.com\/en\/wp-json\/wp\/v2\/users\/1"}],"replies":[{"embeddable":true,"href":"https:\/\/www.chastia.com\/en\/wp-json\/wp\/v2\/comments?post=7543"}],"version-history":[{"count":1,"href":"https:\/\/www.chastia.com\/en\/wp-json\/wp\/v2\/posts\/7543\/revisions"}],"predecessor-version":[{"id":7545,"href":"https:\/\/www.chastia.com\/en\/wp-json\/wp\/v2\/posts\/7543\/revisions\/7545"}],"wp:featuredmedia":[{"embeddable":true,"href":"https:\/\/www.chastia.com\/en\/wp-json\/wp\/v2\/media\/5458"}],"wp:attachment":[{"href":"https:\/\/www.chastia.com\/en\/wp-json\/wp\/v2\/media?parent=7543"}],"wp:term":[{"taxonomy":"category","embeddable":true,"href":"https:\/\/www.chastia.com\/en\/wp-json\/wp\/v2\/categories?post=7543"},{"taxonomy":"post_tag","embeddable":true,"href":"https:\/\/www.chastia.com\/en\/wp-json\/wp\/v2\/tags?post=7543"}],"curies":[{"name":"wp","href":"https:\/\/api.w.org\/{rel}","templated":true}]}}